{"id":12219,"date":"2023-06-06T10:58:40","date_gmt":"2023-06-06T10:58:40","guid":{"rendered":"https:\/\/www.hotelbeverlyparkblanes.com\/decouvrez-le-chateau-de-sant-joan-de-blanes\/"},"modified":"2023-06-06T10:58:40","modified_gmt":"2023-06-06T10:58:40","slug":"decouvrez-le-chateau-de-sant-joan-de-blanes","status":"publish","type":"post","link":"https:\/\/www.hotelbeverlyparkblanes.com\/fr\/decouvrez-le-chateau-de-sant-joan-de-blanes\/","title":{"rendered":"D\u00e9couvrez le ch\u00e2teau de Sant Joan de Blanes."},"content":{"rendered":"<h1><strong>D\u00e9couvrez l&rsquo;un des embl\u00e8mes de la Costa Brava lors de votre s\u00e9jour \u00e0 l&rsquo;H\u00f4tel Beverly Park Blanes<\/strong><\/h1>\n<p>Pendant votre s\u00e9jour \u00e0 l&rsquo;<a href=\"https:\/\/www.hotelbeverlyparkblanes.com\/fr\/contact\/\">H\u00f4tel Beverly Park<\/a> de Blanes, nous vous recommandons de visiter l&rsquo;impressionnant ch\u00e2teau de Sant Joan, l&rsquo;une des principales attractions touristiques de la r\u00e9gion.<\/p>\n<h2><strong>Histoire du ch\u00e2teau de Sant Joan \u00e0 Blanes<\/strong><\/h2>\n<p>La premi\u00e8re r\u00e9f\u00e9rence documentaire au ch\u00e2teau de Sant Joan remonte \u00e0 l&rsquo;an 1001. Au fil de l&rsquo;histoire, il a rempli diff\u00e9rentes fonctions.<br \/>\nLa base de la fortification a \u00e9t\u00e9 construite sur ordre de Grau de Cabrera au milieu du XIIIe si\u00e8cle. Au XVIe si\u00e8cle, la tour a \u00e9t\u00e9 \u00e9rig\u00e9e \u00e0 l&rsquo;\u00e9poque de Charles Ier.<\/p>\n<p>La tour a jou\u00e9 un r\u00f4le d\u00e9fensif essentiel lors des attaques de diff\u00e9rents corsaires et de la piraterie berb\u00e8re en M\u00e9diterran\u00e9e. Sa hauteur et son emplacement strat\u00e9gique ont facilit\u00e9 la d\u00e9fense gr\u00e2ce \u00e0 sa vue panoramique sur le territoire.<\/p>\n<p>En plus de son r\u00f4le de d\u00e9fense du territoire, il a \u00e9galement servi de forteresse militaire au XIXe si\u00e8cle et de refuge pendant la guerre civile espagnole.<\/p>\n<h2><strong>Belv\u00e9d\u00e8re remarquable aujourd&rsquo;hui<\/strong><\/h2>\n<p>Aujourd&rsquo;hui, le ch\u00e2teau de Sant Joan est devenu un belv\u00e9d\u00e8re remarquable \u00e0 Blanes. Depuis le sommet de la tour, vous pourrez admirer une vue panoramique magnifique sur la mer M\u00e9diterran\u00e9e et les environs de Blanes.<br \/>\nDepuis l&rsquo;H\u00f4tel Beverly Park de Blanes, nous vous sugg\u00e9rons de visiter le ch\u00e2teau pendant la journ\u00e9e et de vous d\u00e9tendre dans notre spa l&rsquo;apr\u00e8s-midi. N&rsquo;oubliez pas d&rsquo;apporter votre appareil photo pour capturer les merveilleuses vues depuis la tour du ch\u00e2teau.<\/p>\n<p>La visite du ch\u00e2teau de Sant Joan est une exp\u00e9rience unique et inoubliable \u00e0 ne pas manquer lors de votre s\u00e9jour \u00e0 l&rsquo;H\u00f4tel Beverly Park \u00e0 Blanes.<\/p>\n<p>Profitez de votre s\u00e9jour \u00e0 Blanes avec nous, nous vous offrons l&rsquo;ambiance parfaite pour vous d\u00e9tendre apr\u00e8s une journ\u00e9e d&rsquo;exploration de l&rsquo;histoire et de la culture de la r\u00e9gion.<\/p>\n<p>Nous vous attendons avec impatience !<\/p>\n","protected":false},"excerpt":{"rendered":"<p>D\u00e9couvrez l&rsquo;un des embl\u00e8mes de la Costa Brava lors de votre s\u00e9jour \u00e0 l&rsquo;H\u00f4tel Beverly Park Blanes Pendant votre s\u00e9jour \u00e0 l&rsquo;H\u00f4tel Beverly Park de Blanes, nous vous recommandons de visiter l&rsquo;impressionnant ch\u00e2teau de Sant Joan, l&rsquo;une des principales attractions  [&#8230;]<\/p>\n","protected":false},"author":1,"featured_media":12208,"comment_status":"open","ping_status":"open","sticky":false,"template":"","format":"standard","meta":{"footnotes":""},"categories":[28],"tags":[],"class_list":["post-12219","post","type-post","status-publish","format-standard","has-post-thumbnail","hentry","category-non-classifiee"],"yoast_head":"<!-- This site is optimized with the Yoast SEO plugin v26.9 - https:\/\/yoast.com\/product\/yoast-seo-wordpress\/ -->\n<title>Ch\u00e2teau de Sant Joan \u00e0 Blanes - H\u00f4tel Beverly Park.<\/title>\n<meta name=\"description\" content=\"Pendant votre s\u00e9jour \u00e0 l&#039;h\u00f4tel Beverly Park Blanes, ne manquez pas les meilleures vues panoramiques de la r\u00e9gion depuis le ch\u00e2teau de Sant Joan.\" \/>\n<meta name=\"robots\" content=\"index, follow, max-snippet:-1, max-image-preview:large, max-video-preview:-1\" \/>\n<link rel=\"canonical\" href=\"https:\/\/www.hotelbeverlyparkblanes.com\/fr\/decouvrez-le-chateau-de-sant-joan-de-blanes\/\" \/>\n<meta property=\"og:locale\" content=\"fr_FR\" \/>\n<meta property=\"og:type\" content=\"article\" \/>\n<meta property=\"og:title\" content=\"Ch\u00e2teau de Sant Joan \u00e0 Blanes - H\u00f4tel Beverly Park.\" \/>\n<meta property=\"og:description\" content=\"Pendant votre s\u00e9jour \u00e0 l&#039;h\u00f4tel Beverly Park Blanes, ne manquez pas les meilleures vues panoramiques de la r\u00e9gion depuis le ch\u00e2teau de Sant Joan.\" \/>\n<meta property=\"og:url\" content=\"https:\/\/www.hotelbeverlyparkblanes.com\/fr\/decouvrez-le-chateau-de-sant-joan-de-blanes\/\" \/>\n<meta property=\"og:site_name\" content=\"Hotel &amp; Spa Beverly Park\" \/>\n<meta property=\"article:published_time\" content=\"2023-06-06T10:58:40+00:00\" \/>\n<meta property=\"og:image\" content=\"https:\/\/www.hotelbeverlyparkblanes.com\/wp-content\/uploads\/2023\/03\/Blog-Pimar-3.png\" \/>\n\t<meta property=\"og:image:width\" content=\"640\" \/>\n\t<meta property=\"og:image:height\" content=\"326\" \/>\n\t<meta property=\"og:image:type\" content=\"image\/png\" \/>\n<meta name=\"author\" content=\"admin\" \/>\n<meta name=\"twitter:card\" content=\"summary_large_image\" \/>\n<meta name=\"twitter:label1\" content=\"\u00c9crit par\" \/>\n\t<meta name=\"twitter:data1\" content=\"admin\" \/>\n\t<meta name=\"twitter:label2\" content=\"Dur\u00e9e de lecture estim\u00e9e\" \/>\n\t<meta name=\"twitter:data2\" content=\"2 minutes\" \/>\n<script type=\"application\/ld+json\" class=\"yoast-schema-graph\">{\"@context\":\"https:\/\/schema.org\",\"@graph\":[{\"@type\":\"Article\",\"@id\":\"https:\/\/www.hotelbeverlyparkblanes.com\/fr\/decouvrez-le-chateau-de-sant-joan-de-blanes\/#article\",\"isPartOf\":{\"@id\":\"https:\/\/www.hotelbeverlyparkblanes.com\/fr\/decouvrez-le-chateau-de-sant-joan-de-blanes\/\"},\"author\":{\"name\":\"admin\",\"@id\":\"https:\/\/www.hotelbeverlyparkblanes.com\/fr\/#\/schema\/person\/d0b65f7fde91196956ad193e808ed2a7\"},\"headline\":\"D\u00e9couvrez le ch\u00e2teau de Sant Joan de Blanes.\",\"datePublished\":\"2023-06-06T10:58:40+00:00\",\"mainEntityOfPage\":{\"@id\":\"https:\/\/www.hotelbeverlyparkblanes.com\/fr\/decouvrez-le-chateau-de-sant-joan-de-blanes\/\"},\"wordCount\":379,\"commentCount\":0,\"publisher\":{\"@id\":\"https:\/\/www.hotelbeverlyparkblanes.com\/fr\/#organization\"},\"image\":{\"@id\":\"https:\/\/www.hotelbeverlyparkblanes.com\/fr\/decouvrez-le-chateau-de-sant-joan-de-blanes\/#primaryimage\"},\"thumbnailUrl\":\"https:\/\/www.hotelbeverlyparkblanes.com\/wp-content\/uploads\/2023\/06\/Blog-Pimar-1200-\u00d7-900-px.png\",\"articleSection\":[\"Non classifi\u00e9(e)\"],\"inLanguage\":\"fr-FR\",\"potentialAction\":[{\"@type\":\"CommentAction\",\"name\":\"Comment\",\"target\":[\"https:\/\/www.hotelbeverlyparkblanes.com\/fr\/decouvrez-le-chateau-de-sant-joan-de-blanes\/#respond\"]}]},{\"@type\":\"WebPage\",\"@id\":\"https:\/\/www.hotelbeverlyparkblanes.com\/fr\/decouvrez-le-chateau-de-sant-joan-de-blanes\/\",\"url\":\"https:\/\/www.hotelbeverlyparkblanes.com\/fr\/decouvrez-le-chateau-de-sant-joan-de-blanes\/\",\"name\":\"Ch\u00e2teau de Sant Joan \u00e0 Blanes - H\u00f4tel Beverly Park.\",\"isPartOf\":{\"@id\":\"https:\/\/www.hotelbeverlyparkblanes.com\/fr\/#website\"},\"primaryImageOfPage\":{\"@id\":\"https:\/\/www.hotelbeverlyparkblanes.com\/fr\/decouvrez-le-chateau-de-sant-joan-de-blanes\/#primaryimage\"},\"image\":{\"@id\":\"https:\/\/www.hotelbeverlyparkblanes.com\/fr\/decouvrez-le-chateau-de-sant-joan-de-blanes\/#primaryimage\"},\"thumbnailUrl\":\"https:\/\/www.hotelbeverlyparkblanes.com\/wp-content\/uploads\/2023\/06\/Blog-Pimar-1200-\u00d7-900-px.png\",\"datePublished\":\"2023-06-06T10:58:40+00:00\",\"description\":\"Pendant votre s\u00e9jour \u00e0 l'h\u00f4tel Beverly Park Blanes, ne manquez pas les meilleures vues panoramiques de la r\u00e9gion depuis le ch\u00e2teau de Sant Joan.\",\"breadcrumb\":{\"@id\":\"https:\/\/www.hotelbeverlyparkblanes.com\/fr\/decouvrez-le-chateau-de-sant-joan-de-blanes\/#breadcrumb\"},\"inLanguage\":\"fr-FR\",\"potentialAction\":[{\"@type\":\"ReadAction\",\"target\":[\"https:\/\/www.hotelbeverlyparkblanes.com\/fr\/decouvrez-le-chateau-de-sant-joan-de-blanes\/\"]}]},{\"@type\":\"ImageObject\",\"inLanguage\":\"fr-FR\",\"@id\":\"https:\/\/www.hotelbeverlyparkblanes.com\/fr\/decouvrez-le-chateau-de-sant-joan-de-blanes\/#primaryimage\",\"url\":\"https:\/\/www.hotelbeverlyparkblanes.com\/wp-content\/uploads\/2023\/06\/Blog-Pimar-1200-\u00d7-900-px.png\",\"contentUrl\":\"https:\/\/www.hotelbeverlyparkblanes.com\/wp-content\/uploads\/2023\/06\/Blog-Pimar-1200-\u00d7-900-px.png\",\"width\":1200,\"height\":900,\"caption\":\"Blanes\"},{\"@type\":\"BreadcrumbList\",\"@id\":\"https:\/\/www.hotelbeverlyparkblanes.com\/fr\/decouvrez-le-chateau-de-sant-joan-de-blanes\/#breadcrumb\",\"itemListElement\":[{\"@type\":\"ListItem\",\"position\":1,\"name\":\"Portada\",\"item\":\"https:\/\/www.hotelbeverlyparkblanes.com\/fr\/\"},{\"@type\":\"ListItem\",\"position\":2,\"name\":\"D\u00e9couvrez le ch\u00e2teau de Sant Joan de Blanes.\"}]},{\"@type\":\"WebSite\",\"@id\":\"https:\/\/www.hotelbeverlyparkblanes.com\/fr\/#website\",\"url\":\"https:\/\/www.hotelbeverlyparkblanes.com\/fr\/\",\"name\":\"Hotel &amp; Spa Beverly Park\",\"description\":\"Hotel &amp; Spa Blanes\",\"publisher\":{\"@id\":\"https:\/\/www.hotelbeverlyparkblanes.com\/fr\/#organization\"},\"potentialAction\":[{\"@type\":\"SearchAction\",\"target\":{\"@type\":\"EntryPoint\",\"urlTemplate\":\"https:\/\/www.hotelbeverlyparkblanes.com\/fr\/?s={search_term_string}\"},\"query-input\":{\"@type\":\"PropertyValueSpecification\",\"valueRequired\":true,\"valueName\":\"search_term_string\"}}],\"inLanguage\":\"fr-FR\"},{\"@type\":\"Organization\",\"@id\":\"https:\/\/www.hotelbeverlyparkblanes.com\/fr\/#organization\",\"name\":\"Hotel &amp; Spa Beverly Park\",\"url\":\"https:\/\/www.hotelbeverlyparkblanes.com\/fr\/\",\"logo\":{\"@type\":\"ImageObject\",\"inLanguage\":\"fr-FR\",\"@id\":\"https:\/\/www.hotelbeverlyparkblanes.com\/fr\/#\/schema\/logo\/image\/\",\"url\":\"https:\/\/www.hotelbeverlyparkblanes.com\/wp-content\/uploads\/2022\/12\/logo-beverly-6.png\",\"contentUrl\":\"https:\/\/www.hotelbeverlyparkblanes.com\/wp-content\/uploads\/2022\/12\/logo-beverly-6.png\",\"width\":120,\"height\":41,\"caption\":\"Hotel &amp; Spa Beverly Park\"},\"image\":{\"@id\":\"https:\/\/www.hotelbeverlyparkblanes.com\/fr\/#\/schema\/logo\/image\/\"}},{\"@type\":\"Person\",\"@id\":\"https:\/\/www.hotelbeverlyparkblanes.com\/fr\/#\/schema\/person\/d0b65f7fde91196956ad193e808ed2a7\",\"name\":\"admin\",\"image\":{\"@type\":\"ImageObject\",\"inLanguage\":\"fr-FR\",\"@id\":\"https:\/\/www.hotelbeverlyparkblanes.com\/fr\/#\/schema\/person\/image\/\",\"url\":\"https:\/\/secure.gravatar.com\/avatar\/d85a368a0264070f0a07504f04fe3de78e2fedb7d0b7a9e875b30b569151e37e?s=96&d=mm&r=g\",\"contentUrl\":\"https:\/\/secure.gravatar.com\/avatar\/d85a368a0264070f0a07504f04fe3de78e2fedb7d0b7a9e875b30b569151e37e?s=96&d=mm&r=g\",\"caption\":\"admin\"},\"sameAs\":[\"https:\/\/www.hotelbeverlyparkblanes.com\"],\"url\":\"https:\/\/www.hotelbeverlyparkblanes.com\/fr\/author\/admin_beverlypark\/\"}]}<\/script>\n<!-- \/ Yoast SEO plugin. -->","yoast_head_json":{"title":"Ch\u00e2teau de Sant Joan \u00e0 Blanes - H\u00f4tel Beverly Park.","description":"Pendant votre s\u00e9jour \u00e0 l'h\u00f4tel Beverly Park Blanes, ne manquez pas les meilleures vues panoramiques de la r\u00e9gion depuis le ch\u00e2teau de Sant Joan.","robots":{"index":"index","follow":"follow","max-snippet":"max-snippet:-1","max-image-preview":"max-image-preview:large","max-video-preview":"max-video-preview:-1"},"canonical":"https:\/\/www.hotelbeverlyparkblanes.com\/fr\/decouvrez-le-chateau-de-sant-joan-de-blanes\/","og_locale":"fr_FR","og_type":"article","og_title":"Ch\u00e2teau de Sant Joan \u00e0 Blanes - H\u00f4tel Beverly Park.","og_description":"Pendant votre s\u00e9jour \u00e0 l'h\u00f4tel Beverly Park Blanes, ne manquez pas les meilleures vues panoramiques de la r\u00e9gion depuis le ch\u00e2teau de Sant Joan.","og_url":"https:\/\/www.hotelbeverlyparkblanes.com\/fr\/decouvrez-le-chateau-de-sant-joan-de-blanes\/","og_site_name":"Hotel &amp; Spa Beverly Park","article_published_time":"2023-06-06T10:58:40+00:00","og_image":[{"width":640,"height":326,"url":"https:\/\/www.hotelbeverlyparkblanes.com\/wp-content\/uploads\/2023\/03\/Blog-Pimar-3.png","type":"image\/png"}],"author":"admin","twitter_card":"summary_large_image","twitter_misc":{"\u00c9crit par":"admin","Dur\u00e9e de lecture estim\u00e9e":"2 minutes"},"schema":{"@context":"https:\/\/schema.org","@graph":[{"@type":"Article","@id":"https:\/\/www.hotelbeverlyparkblanes.com\/fr\/decouvrez-le-chateau-de-sant-joan-de-blanes\/#article","isPartOf":{"@id":"https:\/\/www.hotelbeverlyparkblanes.com\/fr\/decouvrez-le-chateau-de-sant-joan-de-blanes\/"},"author":{"name":"admin","@id":"https:\/\/www.hotelbeverlyparkblanes.com\/fr\/#\/schema\/person\/d0b65f7fde91196956ad193e808ed2a7"},"headline":"D\u00e9couvrez le ch\u00e2teau de Sant Joan de Blanes.","datePublished":"2023-06-06T10:58:40+00:00","mainEntityOfPage":{"@id":"https:\/\/www.hotelbeverlyparkblanes.com\/fr\/decouvrez-le-chateau-de-sant-joan-de-blanes\/"},"wordCount":379,"commentCount":0,"publisher":{"@id":"https:\/\/www.hotelbeverlyparkblanes.com\/fr\/#organization"},"image":{"@id":"https:\/\/www.hotelbeverlyparkblanes.com\/fr\/decouvrez-le-chateau-de-sant-joan-de-blanes\/#primaryimage"},"thumbnailUrl":"https:\/\/www.hotelbeverlyparkblanes.com\/wp-content\/uploads\/2023\/06\/Blog-Pimar-1200-\u00d7-900-px.png","articleSection":["Non classifi\u00e9(e)"],"inLanguage":"fr-FR","potentialAction":[{"@type":"CommentAction","name":"Comment","target":["https:\/\/www.hotelbeverlyparkblanes.com\/fr\/decouvrez-le-chateau-de-sant-joan-de-blanes\/#respond"]}]},{"@type":"WebPage","@id":"https:\/\/www.hotelbeverlyparkblanes.com\/fr\/decouvrez-le-chateau-de-sant-joan-de-blanes\/","url":"https:\/\/www.hotelbeverlyparkblanes.com\/fr\/decouvrez-le-chateau-de-sant-joan-de-blanes\/","name":"Ch\u00e2teau de Sant Joan \u00e0 Blanes - H\u00f4tel Beverly Park.","isPartOf":{"@id":"https:\/\/www.hotelbeverlyparkblanes.com\/fr\/#website"},"primaryImageOfPage":{"@id":"https:\/\/www.hotelbeverlyparkblanes.com\/fr\/decouvrez-le-chateau-de-sant-joan-de-blanes\/#primaryimage"},"image":{"@id":"https:\/\/www.hotelbeverlyparkblanes.com\/fr\/decouvrez-le-chateau-de-sant-joan-de-blanes\/#primaryimage"},"thumbnailUrl":"https:\/\/www.hotelbeverlyparkblanes.com\/wp-content\/uploads\/2023\/06\/Blog-Pimar-1200-\u00d7-900-px.png","datePublished":"2023-06-06T10:58:40+00:00","description":"Pendant votre s\u00e9jour \u00e0 l'h\u00f4tel Beverly Park Blanes, ne manquez pas les meilleures vues panoramiques de la r\u00e9gion depuis le ch\u00e2teau de Sant Joan.","breadcrumb":{"@id":"https:\/\/www.hotelbeverlyparkblanes.com\/fr\/decouvrez-le-chateau-de-sant-joan-de-blanes\/#breadcrumb"},"inLanguage":"fr-FR","potentialAction":[{"@type":"ReadAction","target":["https:\/\/www.hotelbeverlyparkblanes.com\/fr\/decouvrez-le-chateau-de-sant-joan-de-blanes\/"]}]},{"@type":"ImageObject","inLanguage":"fr-FR","@id":"https:\/\/www.hotelbeverlyparkblanes.com\/fr\/decouvrez-le-chateau-de-sant-joan-de-blanes\/#primaryimage","url":"https:\/\/www.hotelbeverlyparkblanes.com\/wp-content\/uploads\/2023\/06\/Blog-Pimar-1200-\u00d7-900-px.png","contentUrl":"https:\/\/www.hotelbeverlyparkblanes.com\/wp-content\/uploads\/2023\/06\/Blog-Pimar-1200-\u00d7-900-px.png","width":1200,"height":900,"caption":"Blanes"},{"@type":"BreadcrumbList","@id":"https:\/\/www.hotelbeverlyparkblanes.com\/fr\/decouvrez-le-chateau-de-sant-joan-de-blanes\/#breadcrumb","itemListElement":[{"@type":"ListItem","position":1,"name":"Portada","item":"https:\/\/www.hotelbeverlyparkblanes.com\/fr\/"},{"@type":"ListItem","position":2,"name":"D\u00e9couvrez le ch\u00e2teau de Sant Joan de Blanes."}]},{"@type":"WebSite","@id":"https:\/\/www.hotelbeverlyparkblanes.com\/fr\/#website","url":"https:\/\/www.hotelbeverlyparkblanes.com\/fr\/","name":"Hotel &amp; Spa Beverly Park","description":"Hotel &amp; Spa Blanes","publisher":{"@id":"https:\/\/www.hotelbeverlyparkblanes.com\/fr\/#organization"},"potentialAction":[{"@type":"SearchAction","target":{"@type":"EntryPoint","urlTemplate":"https:\/\/www.hotelbeverlyparkblanes.com\/fr\/?s={search_term_string}"},"query-input":{"@type":"PropertyValueSpecification","valueRequired":true,"valueName":"search_term_string"}}],"inLanguage":"fr-FR"},{"@type":"Organization","@id":"https:\/\/www.hotelbeverlyparkblanes.com\/fr\/#organization","name":"Hotel &amp; Spa Beverly Park","url":"https:\/\/www.hotelbeverlyparkblanes.com\/fr\/","logo":{"@type":"ImageObject","inLanguage":"fr-FR","@id":"https:\/\/www.hotelbeverlyparkblanes.com\/fr\/#\/schema\/logo\/image\/","url":"https:\/\/www.hotelbeverlyparkblanes.com\/wp-content\/uploads\/2022\/12\/logo-beverly-6.png","contentUrl":"https:\/\/www.hotelbeverlyparkblanes.com\/wp-content\/uploads\/2022\/12\/logo-beverly-6.png","width":120,"height":41,"caption":"Hotel &amp; Spa Beverly Park"},"image":{"@id":"https:\/\/www.hotelbeverlyparkblanes.com\/fr\/#\/schema\/logo\/image\/"}},{"@type":"Person","@id":"https:\/\/www.hotelbeverlyparkblanes.com\/fr\/#\/schema\/person\/d0b65f7fde91196956ad193e808ed2a7","name":"admin","image":{"@type":"ImageObject","inLanguage":"fr-FR","@id":"https:\/\/www.hotelbeverlyparkblanes.com\/fr\/#\/schema\/person\/image\/","url":"https:\/\/secure.gravatar.com\/avatar\/d85a368a0264070f0a07504f04fe3de78e2fedb7d0b7a9e875b30b569151e37e?s=96&d=mm&r=g","contentUrl":"https:\/\/secure.gravatar.com\/avatar\/d85a368a0264070f0a07504f04fe3de78e2fedb7d0b7a9e875b30b569151e37e?s=96&d=mm&r=g","caption":"admin"},"sameAs":["https:\/\/www.hotelbeverlyparkblanes.com"],"url":"https:\/\/www.hotelbeverlyparkblanes.com\/fr\/author\/admin_beverlypark\/"}]}},"_links":{"self":[{"href":"https:\/\/www.hotelbeverlyparkblanes.com\/fr\/wp-json\/wp\/v2\/posts\/12219","targetHints":{"allow":["GET"]}}],"collection":[{"href":"https:\/\/www.hotelbeverlyparkblanes.com\/fr\/wp-json\/wp\/v2\/posts"}],"about":[{"href":"https:\/\/www.hotelbeverlyparkblanes.com\/fr\/wp-json\/wp\/v2\/types\/post"}],"author":[{"embeddable":true,"href":"https:\/\/www.hotelbeverlyparkblanes.com\/fr\/wp-json\/wp\/v2\/users\/1"}],"replies":[{"embeddable":true,"href":"https:\/\/www.hotelbeverlyparkblanes.com\/fr\/wp-json\/wp\/v2\/comments?post=12219"}],"version-history":[{"count":0,"href":"https:\/\/www.hotelbeverlyparkblanes.com\/fr\/wp-json\/wp\/v2\/posts\/12219\/revisions"}],"wp:featuredmedia":[{"embeddable":true,"href":"https:\/\/www.hotelbeverlyparkblanes.com\/fr\/wp-json\/wp\/v2\/media\/12208"}],"wp:attachment":[{"href":"https:\/\/www.hotelbeverlyparkblanes.com\/fr\/wp-json\/wp\/v2\/media?parent=12219"}],"wp:term":[{"taxonomy":"category","embeddable":true,"href":"https:\/\/www.hotelbeverlyparkblanes.com\/fr\/wp-json\/wp\/v2\/categories?post=12219"},{"taxonomy":"post_tag","embeddable":true,"href":"https:\/\/www.hotelbeverlyparkblanes.com\/fr\/wp-json\/wp\/v2\/tags?post=12219"}],"curies":[{"name":"wp","href":"https:\/\/api.w.org\/{rel}","templated":true}]}}